{"id":140,"date":"2020-12-09T19:08:41","date_gmt":"2020-12-09T22:08:41","guid":{"rendered":"http:\/\/larvatusprodeo.com.br\/?p=140"},"modified":"2020-12-09T19:08:41","modified_gmt":"2020-12-09T22:08:41","slug":"lista-de-detratores-e-mais-um-ataque-a-democracia","status":"publish","type":"post","link":"https:\/\/larvatusprodeo.com.br\/index.php\/2020\/12\/09\/lista-de-detratores-e-mais-um-ataque-a-democracia\/","title":{"rendered":"Lista de detratores \u00e9 mais um ataque \u00e0 democracia"},"content":{"rendered":"\n<p>Lu\u00eds Fernando Laranjeira<\/p>\n\n\n\n<p><\/p>\n\n\n\n<p>O Brasil vive um dos piores momentos de sua hist\u00f3ria. Assolado por uma crise econ\u00f4mica sem precedentes, com sua economia em frangalhos, desemprego nas alturas, e apanhando de uma pandemia mortal.<\/p>\n\n\n\n<p>Governado(?) por um presidente eleito \u00e0 base de mentiras e fraudes de todos os tipos, o pa\u00eds patina e se v\u00ea pr\u00f3ximo \u00e0 barb\u00e1rie. Ou a n\u00e3o utiliza\u00e7\u00e3o de mais de 6 milh\u00f5es de testes para detec\u00e7\u00e3o de covid-19 que est\u00e3o perdendo a validade; a falta de seringas para vacina\u00e7\u00e3o contra a covid-19; desmanche do SUS e de programas de sa\u00fade mental; desmatamento e queimadas batendo recordes; invas\u00e3o criminosa de terras ind\u00edgenas e quilombolas; est\u00edmulo a garimpos ilegais; culto ao \u00f3dio e acirramento dos preconceitos e ataques contra negros, \u00edndios, mulheres, LGBTQIA+; descaso e abandono dos pobres e miser\u00e1veis; ataques aos setores culturais, da educa\u00e7\u00e3o, da ci\u00eancia; continua\u00e7\u00e3o da destrui\u00e7\u00e3o das leis trabalhistas e precariza\u00e7\u00e3o do trabalho; desmonte do Estado; mentiras; desinforma\u00e7\u00e3o; fake news; n\u00e3o s\u00e3o significam um caminho r\u00e1pido \u00e0 barb\u00e1rie?<\/p>\n\n\n\n<p>Sem contar as piadinhas e o descaso com rela\u00e7\u00e3o \u00e0 pandemia, tratada como gripezinha pelos negacionistas capitaneados pelo presidente da Rep\u00fablica, que nos chamou de maricas por temermos a contamina\u00e7\u00e3o por um v\u00edrus letal e, quando n\u00e3o, que pode deixar sequelas ainda desconhecidas. Detalhe: at\u00e9 a \u00faltima informa\u00e7\u00e3o divulgada pela Organiza\u00e7\u00e3o Mundial da Sa\u00fade (OMS) que tive, o Brasil ocupa o terceiro lugar no ranking global de casos de coronav\u00edrus (aproximadamente 6,6 milh\u00f5es de pessoas j\u00e1 foram contaminadas) e contabiliza quase 180 mil mortos pela doen\u00e7a. Enquanto isso, em 7 de dezembro, Jair Bolsonaro participou de uma solenidade no Pal\u00e1cio do Planalto para expor o traje que ele e a primeira-dama, Michelle Bolsonaro, usaram na posse presidencial em 2019.<\/p>\n\n\n\n<p>Al\u00e9m disso tudo, como se n\u00e3o fosse pequena nossa trag\u00e9dia, o governo federal tem monitorado jornalistas, professores, economistas, cientistas, influenciadores digitais para classific\u00e1-los nas categorias de detratores, neutros informativos e favor\u00e1veis ao governo. Devemos nos lembrar de que j\u00e1 foi elaborada uma lista de antifascistas tamb\u00e9m. O surgimento de uma nova lista, por si s\u00f3 \u00e9 muito grave. Qual a necessidade de se elaborar uma lista sobre cr\u00edticos, \u2018neutros\u2019 e apoiadores de um governo? Tentativa de intimida\u00e7\u00e3o? Ataque \u00e0 liberdade de pensamento e express\u00e3o? Esse tipo de lista lembra os piores momentos da ditadura, da deduragem. A mim, soa como prepara\u00e7\u00e3o e uma tosca justificativa para persegui\u00e7\u00f5es e ataques a quem n\u00e3o compactua com o governo. Quem, e, principalmente, um governo que n\u00e3o aceita cr\u00edticas, est\u00e1 mais para ditador. Isso \u00e9 muito perigoso. Abre graves precedentes e a possibilidade de novos ataques, de eventuais tentativas de ado\u00e7\u00e3o de medidas antidemocr\u00e1ticas e at\u00e9 violentas. \u00c9 mais uma amea\u00e7a \u00e0 liberdade de express\u00e3o. Pode colocar em risco as pessoas tornando-as alvos de grupos violentos que apoiam o governo, que querem o retorno \u00e0 ditadura e aos famigerados atos institucionais como o tristemente c\u00e9lebre AI-5. \u00c9 mais um atentado ao livre pensamento, \u00e0 cr\u00edtica, ao conv\u00edvio com o contradit\u00f3rio e com as diferen\u00e7as. \u00c9 um atentado \u00e0 civilidade, enfim.<\/p>\n\n\n\n<p>Quanto aos favor\u00e1veis a esse governo, cabe apenas rep\u00fadio e desprezo por apoiarem isso que a\u00ed est\u00e1. Neutros informativos merecem o mesmo tratamento, uma vez que neutralidade n\u00e3o existe (aprendi isso nas primeiras aulas de meu curso de jornalismo e tive a oportunidade de constatar a veracidade do postulado nos meus mais de 30 anos de atividades em reda\u00e7\u00f5es).<\/p>\n\n\n\n<p>Mas, e os detratores? Detratar significa, segundo os dicion\u00e1rios, caluniar, difamar, depreciar, desvalorizar os m\u00e9ritos, maldizer. Caluniar \u00e9 imputar falso crime; difamar \u00e9 falar mal; depreciar \u00e9 rebaixar valor, qualidade, virtude. A\u00ed vem a pergunta inevit\u00e1vel: o que este governo tem de valor, qualidade, virtude, m\u00e9ritos? Para mim, a resposta \u00e9 uma s\u00f3. Nada! \u00c9 um governo que cultua a destrui\u00e7\u00e3o, o \u00f3dio, a morte.<\/p>\n\n\n\n<p>Lamento que a velha imprensa corporativa n\u00e3o esteja dando a aten\u00e7\u00e3o que deveria a essa situa\u00e7\u00e3o que poder\u00e1 se voltar contra ela pr\u00f3pria no caso de uma tentativa de endurecimento por parte do governo. A meu ver, a velha imprensa corporativa poderia e deveria se posicionar de forma contundente contra mais um ataque \u00e0 democracia e \u00e0 liberdade de pensamento e express\u00e3o.<\/p>\n\n\n\n<p>Lu\u00eds Fernando Laranjeira \u00e9 jornalista, fot\u00f3grafo, editor. Mestre em Comunica\u00e7\u00e3o e Estudos de Linguagens.<\/p>\n","protected":false},"excerpt":{"rendered":"<p>Lu\u00eds Fernando Laranjeira O Brasil vive um dos piores momentos de sua&#8230;<\/p>\n","protected":false},"author":1,"featured_media":141,"comment_status":"open","ping_status":"open","sticky":true,"template":"","format":"standard","meta":{"footnotes":""},"categories":[3],"tags":[],"class_list":["post-140","post","type-post","status-publish","format-standard","has-post-thumbnail","hentry","category-blog"],"_links":{"self":[{"href":"https:\/\/larvatusprodeo.com.br\/index.php\/wp-json\/wp\/v2\/posts\/140","targetHints":{"allow":["GET"]}}],"collection":[{"href":"https:\/\/larvatusprodeo.com.br\/index.php\/wp-json\/wp\/v2\/posts"}],"about":[{"href":"https:\/\/larvatusprodeo.com.br\/index.php\/wp-json\/wp\/v2\/types\/post"}],"author":[{"embeddable":true,"href":"https:\/\/larvatusprodeo.com.br\/index.php\/wp-json\/wp\/v2\/users\/1"}],"replies":[{"embeddable":true,"href":"https:\/\/larvatusprodeo.com.br\/index.php\/wp-json\/wp\/v2\/comments?post=140"}],"version-history":[{"count":1,"href":"https:\/\/larvatusprodeo.com.br\/index.php\/wp-json\/wp\/v2\/posts\/140\/revisions"}],"predecessor-version":[{"id":142,"href":"https:\/\/larvatusprodeo.com.br\/index.php\/wp-json\/wp\/v2\/posts\/140\/revisions\/142"}],"wp:featuredmedia":[{"embeddable":true,"href":"https:\/\/larvatusprodeo.com.br\/index.php\/wp-json\/wp\/v2\/media\/141"}],"wp:attachment":[{"href":"https:\/\/larvatusprodeo.com.br\/index.php\/wp-json\/wp\/v2\/media?parent=140"}],"wp:term":[{"taxonomy":"category","embeddable":true,"href":"https:\/\/larvatusprodeo.com.br\/index.php\/wp-json\/wp\/v2\/categories?post=140"},{"taxonomy":"post_tag","embeddable":true,"href":"https:\/\/larvatusprodeo.com.br\/index.php\/wp-json\/wp\/v2\/tags?post=140"}],"curies":[{"name":"wp","href":"https:\/\/api.w.org\/{rel}","templated":true}]}}