{"id":188,"date":"2021-04-07T16:03:41","date_gmt":"2021-04-07T19:03:41","guid":{"rendered":"https:\/\/larvatusprodeo.com.br\/?p=188"},"modified":"2021-04-07T16:03:42","modified_gmt":"2021-04-07T19:03:42","slug":"requiem-para-os-que-partiram","status":"publish","type":"post","link":"https:\/\/larvatusprodeo.com.br\/index.php\/2021\/04\/07\/requiem-para-os-que-partiram\/","title":{"rendered":"R\u00e9quiem para os que partiram"},"content":{"rendered":"\n<p>Lu\u00eds Fernando Laranjeira<\/p>\n\n\n\n<p>Neste 7 de abril de 2021, data em que se celebram o Dia Mundial da Sa\u00fade e o Dia do Jornalista, triste, presto uma homenagem aos 169 jornalistas profissionais que, em consequ\u00eancia da covid-19, nos deixaram entre abril de 2020 e mar\u00e7o de 2021, e aos 337.364 (at\u00e9 6 de abril) brasileiros e brasileiras vitimados pela doen\u00e7a. Para isso, tomo a liberdade de expressar minha tristeza, revolta e tamb\u00e9m esperan\u00e7a, e trago essa p\u00e9rola escrita por Geraldo Vandr\u00e9 &#8211; R\u00e9quiem para Augusto Matraga \u2013 de 1965, composta para o filme&nbsp;A hora e a vez de Augusto Matraga, de Roberto Santos, baseado no conto hom\u00f4nimo de Guimar\u00e3es Rosa, inclu\u00eddo no livro&nbsp;Sagarana&nbsp;(1954).<\/p>\n\n\n\n<p>Vim aqui s\u00f3 pra dizer<br>Ningu\u00e9m h\u00e1 de me calar<br>Se algu\u00e9m tem que morrer<br>Que seja pra melhorar<\/p>\n\n\n\n<p>Tanta vida pra viver<br>Tanta vida a se acabar<br>Com tanto pra se fazer<br>Com tanto pra se salvar<br>Voc\u00ea que n\u00e3o me entendeu<br>N\u00e3o perde por esperar<\/p>\n\n\n\n<p>Parece que Vandr\u00e9 previa o que aconteceria 56 anos depois de escrever a letra. Nada mais atual.<\/p>\n\n\n\n<p>O Dia Mundial da Sa\u00fade foi criado pela Organiza\u00e7\u00e3o Mundial de Sa\u00fade (OMS) em 1948 por conta da preocupa\u00e7\u00e3o com a manuten\u00e7\u00e3o do bom estado de sa\u00fade das pessoas e para alertar sobre os principais problemas que podem atingir a popula\u00e7\u00e3o mundial. A OMS define: \u201ca sa\u00fade \u00e9 um estado de completo bem-estar f\u00edsico, mental e social e n\u00e3o apenas a aus\u00eancia de doen\u00e7a ou enfermidade\u201d<em>. <\/em>Em 2021, a proposta pauta-se na constru\u00e7\u00e3o de um mundo mais justo e saud\u00e1vel. Vou al\u00e9m: na constru\u00e7\u00e3o de um mundo mais justo, saud\u00e1vel e vacinado.<\/p>\n\n\n\n<p>O&nbsp;Dia do Jornalista&nbsp;foi criado em 7 de abril de 1931, pela Associa\u00e7\u00e3o Brasileira de Imprensa (ABI). Neste dia, em 1908, nasceu a pr\u00f3pria ABI. Mas h\u00e1 uma quest\u00e3o hist\u00f3rica interessante para a escolha deste dia especificamente. A data foi determinada em homenagem ao jornalista e m\u00e9dico&nbsp;Giovanni Battista L\u00edbero Badar\u00f3, morto em 22 de novembro de 1830. L\u00edbero Badar\u00f3 participou de diversas lutas a favor da&nbsp;Independ\u00eancia. Era propriet\u00e1rio do jornal&nbsp;Observador Constitucional<strong>&nbsp;<\/strong>e defensor da liberdade de imprensa. Sua morte foi misteriosa. Acredita-se que ele tenha sido v\u00edtima de um atentado perpetrado por inimigos pol\u00edticos. A morte de L\u00edbero Badar\u00f3 teria causado um grande descontentamento popular culminando na abdica\u00e7\u00e3o do trono por parte do ent\u00e3o imperador Pedro I&nbsp;em 7 de abril de 1831.<\/p>\n\n\n\n<p>N\u00e3o creio ser necess\u00e1rio alongar-me em enfadonhas linhas sobre minha tristeza e revolta quanto ao momento que enfrentamos. E serei, como ensinam nos cursos de reda\u00e7\u00e3o jornal\u00edstica, claro, objetivo e direto quanto \u00e0 minha esperan\u00e7a: que a hist\u00f3ria se repita em 2021 e o descontentamento popular leve n\u00e3o \u00e0 abdica\u00e7\u00e3o do traste genocida que ocupa a presid\u00eancia da Rep\u00fablica (essa nobreza ele jamais ter\u00e1), mas ao seu impeachment e responsabiliza\u00e7\u00e3o!<\/p>\n","protected":false},"excerpt":{"rendered":"<p>Lu\u00eds Fernando Laranjeira Neste 7 de abril de 2021, data em que&#8230;<\/p>\n","protected":false},"author":1,"featured_media":186,"comment_status":"open","ping_status":"open","sticky":false,"template":"","format":"standard","meta":{"footnotes":""},"categories":[3],"tags":[],"class_list":["post-188","post","type-post","status-publish","format-standard","has-post-thumbnail","hentry","category-blog"],"_links":{"self":[{"href":"https:\/\/larvatusprodeo.com.br\/index.php\/wp-json\/wp\/v2\/posts\/188","targetHints":{"allow":["GET"]}}],"collection":[{"href":"https:\/\/larvatusprodeo.com.br\/index.php\/wp-json\/wp\/v2\/posts"}],"about":[{"href":"https:\/\/larvatusprodeo.com.br\/index.php\/wp-json\/wp\/v2\/types\/post"}],"author":[{"embeddable":true,"href":"https:\/\/larvatusprodeo.com.br\/index.php\/wp-json\/wp\/v2\/users\/1"}],"replies":[{"embeddable":true,"href":"https:\/\/larvatusprodeo.com.br\/index.php\/wp-json\/wp\/v2\/comments?post=188"}],"version-history":[{"count":1,"href":"https:\/\/larvatusprodeo.com.br\/index.php\/wp-json\/wp\/v2\/posts\/188\/revisions"}],"predecessor-version":[{"id":189,"href":"https:\/\/larvatusprodeo.com.br\/index.php\/wp-json\/wp\/v2\/posts\/188\/revisions\/189"}],"wp:featuredmedia":[{"embeddable":true,"href":"https:\/\/larvatusprodeo.com.br\/index.php\/wp-json\/wp\/v2\/media\/186"}],"wp:attachment":[{"href":"https:\/\/larvatusprodeo.com.br\/index.php\/wp-json\/wp\/v2\/media?parent=188"}],"wp:term":[{"taxonomy":"category","embeddable":true,"href":"https:\/\/larvatusprodeo.com.br\/index.php\/wp-json\/wp\/v2\/categories?post=188"},{"taxonomy":"post_tag","embeddable":true,"href":"https:\/\/larvatusprodeo.com.br\/index.php\/wp-json\/wp\/v2\/tags?post=188"}],"curies":[{"name":"wp","href":"https:\/\/api.w.org\/{rel}","templated":true}]}}